{"id":1088,"date":"2022-04-21T06:25:41","date_gmt":"2022-04-21T06:25:41","guid":{"rendered":"https:\/\/guitarscio.it\/?p=1088"},"modified":"2022-04-21T09:50:22","modified_gmt":"2022-04-21T09:50:22","slug":"il-guitarscio-finalmente-una-fiera-di-chitarre-nel-sud-italia","status":"publish","type":"post","link":"https:\/\/guitarscio.it\/index.php\/2022\/04\/21\/il-guitarscio-finalmente-una-fiera-di-chitarre-nel-sud-italia\/","title":{"rendered":"Il Guitarsci\u00f2, finalmente una fiera di chitarre nel Sud Italia"},"content":{"rendered":"\n<h3 class=\"wp-block-heading\">Nasce il Guitarsci\u00f2, una fiera dedicata al mondo della chitarra e per una volta al di sotto del 42\u00b0 parallelo!<\/h3>\n\n\n\n<p>Prima edizione per GuitarSci\u00f2, festival della chitarra organizzato dall\u2019associazione di promozione sociale MIUSIC (volutamente \u201cMiusic\u201d per italianizzare la pronuncia inglese, marcandone le origini) con la direzione artistica di Ciro Manna, che si terr\u00e0 questa estate il 9 e 10 luglio a Battipaglia, a pochi chilometri da Salerno e ad un passo dal Parco Nazionale del Cilento, Vallo di Diano e Alburni.<\/p>\n\n\n\n<p>Il nome GuitarSci\u00f2 nasce da un gioco di parole, dall\u2019assonanza che il termine inglese \u201cshow\u201d ha con la voce espressiva \u201csci\u00f2\u201d, espressione scaramantica utilizzata per allontanare il malocchio.<br>Nato con l\u2019intento di ospitare alcuni fra i principale protagonisti nazionali ed internazionali di questo meraviglioso strumento, GuitarSci\u00f2 prende forma dal desiderio di riportare la musica suonata sui palchi, dopo il lunghissimo periodo di stop dovuto all\u2019emergenza covid.<\/p>\n\n\n\n<p>\u00ab<em><strong>Il festival nasce dal desiderio di vivere un \u201cmondo migliore. Ci\u00f2 che si vuole realizzare \u00e8 riaccendere un \u201cfaro\u201d sulla musica suonata dal vivo, sull\u2019importanza che essa ha rappresentato e rappresenta tutt\u2019oggi, sulla disciplina che sottintende, sull\u2019emozione che solo essa pu\u00f2 trasferire durante lo spettacolo<\/strong><\/em>\u00bb.<\/p>\n\n\n\n<p>Tanti i protagonisti che calcheranno il palco del festival, che sar\u00e0 presentato da Peppe Fiori e Kali di Rocker TV, fra i quali Paul Gilbert &amp; Band, Andrea Braido Rock Quartet, Matteo Mancuso Trio, Ciro Manna Trio feat. Walter Ricci, Bermuda Acoustic Trio e Pierangelo Mugavero Fingerstyle.<\/p>\n\n\n\n<h4 class=\"wp-block-heading\">Non solo musica live<\/h4>\n\n\n\n<p>Ma GuitarSci\u00f2 non sar\u00e0 soltanto concerti. Attraverso i 30 stand espositivi sar\u00e0 infatti possibile entrare in contatto con le maestranze del mondo della 6 corde, incontrando liutai, produttori di amplificatori, produttori di effetti a pedale, produttori di plettri, ecc.<\/p>\n\n\n\n<p>All\u2019interno dell\u2019area evento saranno disponibili, inoltre, zone di ristoro (food &amp; beverage), una zona backstage e non mancher\u00e0 una rappresentanza della mozzarella di Battipaglia, a cura di uno dei caseifici pi\u00f9 rinomati della zona.<\/p>\n\n\n\n<h4 class=\"wp-block-heading\">Fonte dell&#8217;articolo: <a href=\"https:\/\/www.musicoff.com\/strumenti\/chitarra-news\/il-guitarscio-finalmente-una-fiera-di-chitarre-nel-sud-italia\/\" data-type=\"URL\" data-id=\"https:\/\/www.musicoff.com\/strumenti\/chitarra-news\/il-guitarscio-finalmente-una-fiera-di-chitarre-nel-sud-italia\/\">Musicoff<\/a><\/h4>\n","protected":false},"excerpt":{"rendered":"<p>Nasce il Guitarsci\u00f2, una fiera dedicata al mondo della chitarra e per una volta al di sotto del 42\u00b0 parallelo! Prima edizione per GuitarSci\u00f2, festival della chitarra organizzato dall\u2019associazione di promozione sociale MIUSIC (volutamente \u201cMiusic\u201d per italianizzare la pronuncia inglese, marcandone le origini) con la direzione artistica di Ciro Manna, che si terr\u00e0 questa estate [&hellip;]<\/p>\n","protected":false},"author":3,"featured_media":1089,"comment_status":"open","ping_status":"open","sticky":false,"template":"","format":"standard","meta":{"_jetpack_memberships_contains_paid_content":false,"footnotes":""},"categories":[1],"tags":[],"class_list":["post-1088","post","type-post","status-publish","format-standard","has-post-thumbnail","hentry","category-uncategorized"],"yoast_head":"<!-- This site is optimized with the Yoast SEO plugin v22.5 - https:\/\/yoast.com\/wordpress\/plugins\/seo\/ -->\n<title>Il Guitarsci\u00f2, finalmente una fiera di chitarre nel Sud Italia - GuitarSci\u00f2 Expo<\/title>\n<meta name=\"robots\" content=\"index, follow, max-snippet:-1, max-image-preview:large, max-video-preview:-1\" \/>\n<link rel=\"canonical\" href=\"https:\/\/guitarscio.it\/index.php\/2022\/04\/21\/il-guitarscio-finalmente-una-fiera-di-chitarre-nel-sud-italia\/\" \/>\n<meta property=\"og:locale\" content=\"it_IT\" \/>\n<meta property=\"og:type\" content=\"article\" \/>\n<meta property=\"og:title\" content=\"Il Guitarsci\u00f2, finalmente una fiera di chitarre nel Sud Italia - GuitarSci\u00f2 Expo\" \/>\n<meta property=\"og:description\" content=\"Nasce il Guitarsci\u00f2, una fiera dedicata al mondo della chitarra e per una volta al di sotto del 42\u00b0 parallelo! Prima edizione per GuitarSci\u00f2, festival della chitarra organizzato dall\u2019associazione di promozione sociale MIUSIC (volutamente \u201cMiusic\u201d per italianizzare la pronuncia inglese, marcandone le origini) con la direzione artistica di Ciro Manna, che si terr\u00e0 questa estate [&hellip;]\" \/>\n<meta property=\"og:url\" content=\"https:\/\/guitarscio.it\/index.php\/2022\/04\/21\/il-guitarscio-finalmente-una-fiera-di-chitarre-nel-sud-italia\/\" \/>\n<meta property=\"og:site_name\" content=\"GuitarSci\u00f2 Expo\" \/>\n<meta property=\"article:publisher\" content=\"https:\/\/fb.com\/guitarscio\" \/>\n<meta property=\"article:published_time\" content=\"2022-04-21T06:25:41+00:00\" \/>\n<meta property=\"article:modified_time\" content=\"2022-04-21T09:50:22+00:00\" \/>\n<meta property=\"og:image\" content=\"https:\/\/i0.wp.com\/guitarscio.it\/wp-content\/uploads\/2022\/04\/copertina_articolo.jpg?fit=1640%2C924&ssl=1\" \/>\n\t<meta property=\"og:image:width\" content=\"1640\" \/>\n\t<meta property=\"og:image:height\" content=\"924\" \/>\n\t<meta property=\"og:image:type\" content=\"image\/jpeg\" \/>\n<meta name=\"author\" content=\"Staff GuitarSci\u00f2\" \/>\n<meta name=\"twitter:card\" content=\"summary_large_image\" \/>\n<meta name=\"twitter:label1\" content=\"Scritto da\" \/>\n\t<meta name=\"twitter:data1\" content=\"Staff GuitarSci\u00f2\" \/>\n\t<meta name=\"twitter:label2\" content=\"Tempo di lettura stimato\" \/>\n\t<meta name=\"twitter:data2\" content=\"2 minuti\" \/>\n<script type=\"application\/ld+json\" class=\"yoast-schema-graph\">{\"@context\":\"https:\/\/schema.org\",\"@graph\":[{\"@type\":\"Article\",\"@id\":\"https:\/\/guitarscio.it\/index.php\/2022\/04\/21\/il-guitarscio-finalmente-una-fiera-di-chitarre-nel-sud-italia\/#article\",\"isPartOf\":{\"@id\":\"https:\/\/guitarscio.it\/index.php\/2022\/04\/21\/il-guitarscio-finalmente-una-fiera-di-chitarre-nel-sud-italia\/\"},\"author\":{\"name\":\"Staff GuitarSci\u00f2\",\"@id\":\"https:\/\/guitarscio.it\/#\/schema\/person\/994581f5f5879f9dac3a833ded00b008\"},\"headline\":\"Il Guitarsci\u00f2, finalmente una fiera di chitarre nel Sud Italia\",\"datePublished\":\"2022-04-21T06:25:41+00:00\",\"dateModified\":\"2022-04-21T09:50:22+00:00\",\"mainEntityOfPage\":{\"@id\":\"https:\/\/guitarscio.it\/index.php\/2022\/04\/21\/il-guitarscio-finalmente-una-fiera-di-chitarre-nel-sud-italia\/\"},\"wordCount\":332,\"commentCount\":0,\"publisher\":{\"@id\":\"https:\/\/guitarscio.it\/#organization\"},\"image\":{\"@id\":\"https:\/\/guitarscio.it\/index.php\/2022\/04\/21\/il-guitarscio-finalmente-una-fiera-di-chitarre-nel-sud-italia\/#primaryimage\"},\"thumbnailUrl\":\"https:\/\/i0.wp.com\/guitarscio.it\/wp-content\/uploads\/2022\/04\/copertina_articolo.jpg?fit=1640%2C924&ssl=1\",\"articleSection\":[\"Uncategorized\"],\"inLanguage\":\"it-IT\",\"potentialAction\":[{\"@type\":\"CommentAction\",\"name\":\"Comment\",\"target\":[\"https:\/\/guitarscio.it\/index.php\/2022\/04\/21\/il-guitarscio-finalmente-una-fiera-di-chitarre-nel-sud-italia\/#respond\"]}]},{\"@type\":\"WebPage\",\"@id\":\"https:\/\/guitarscio.it\/index.php\/2022\/04\/21\/il-guitarscio-finalmente-una-fiera-di-chitarre-nel-sud-italia\/\",\"url\":\"https:\/\/guitarscio.it\/index.php\/2022\/04\/21\/il-guitarscio-finalmente-una-fiera-di-chitarre-nel-sud-italia\/\",\"name\":\"Il Guitarsci\u00f2, finalmente una fiera di chitarre nel Sud Italia - GuitarSci\u00f2 Expo\",\"isPartOf\":{\"@id\":\"https:\/\/guitarscio.it\/#website\"},\"primaryImageOfPage\":{\"@id\":\"https:\/\/guitarscio.it\/index.php\/2022\/04\/21\/il-guitarscio-finalmente-una-fiera-di-chitarre-nel-sud-italia\/#primaryimage\"},\"image\":{\"@id\":\"https:\/\/guitarscio.it\/index.php\/2022\/04\/21\/il-guitarscio-finalmente-una-fiera-di-chitarre-nel-sud-italia\/#primaryimage\"},\"thumbnailUrl\":\"https:\/\/i0.wp.com\/guitarscio.it\/wp-content\/uploads\/2022\/04\/copertina_articolo.jpg?fit=1640%2C924&ssl=1\",\"datePublished\":\"2022-04-21T06:25:41+00:00\",\"dateModified\":\"2022-04-21T09:50:22+00:00\",\"breadcrumb\":{\"@id\":\"https:\/\/guitarscio.it\/index.php\/2022\/04\/21\/il-guitarscio-finalmente-una-fiera-di-chitarre-nel-sud-italia\/#breadcrumb\"},\"inLanguage\":\"it-IT\",\"potentialAction\":[{\"@type\":\"ReadAction\",\"target\":[\"https:\/\/guitarscio.it\/index.php\/2022\/04\/21\/il-guitarscio-finalmente-una-fiera-di-chitarre-nel-sud-italia\/\"]}]},{\"@type\":\"ImageObject\",\"inLanguage\":\"it-IT\",\"@id\":\"https:\/\/guitarscio.it\/index.php\/2022\/04\/21\/il-guitarscio-finalmente-una-fiera-di-chitarre-nel-sud-italia\/#primaryimage\",\"url\":\"https:\/\/i0.wp.com\/guitarscio.it\/wp-content\/uploads\/2022\/04\/copertina_articolo.jpg?fit=1640%2C924&ssl=1\",\"contentUrl\":\"https:\/\/i0.wp.com\/guitarscio.it\/wp-content\/uploads\/2022\/04\/copertina_articolo.jpg?fit=1640%2C924&ssl=1\",\"width\":1640,\"height\":924},{\"@type\":\"BreadcrumbList\",\"@id\":\"https:\/\/guitarscio.it\/index.php\/2022\/04\/21\/il-guitarscio-finalmente-una-fiera-di-chitarre-nel-sud-italia\/#breadcrumb\",\"itemListElement\":[{\"@type\":\"ListItem\",\"position\":1,\"name\":\"Home\",\"item\":\"https:\/\/guitarscio.it\/\"},{\"@type\":\"ListItem\",\"position\":2,\"name\":\"Il Guitarsci\u00f2, finalmente una fiera di chitarre nel Sud Italia\"}]},{\"@type\":\"WebSite\",\"@id\":\"https:\/\/guitarscio.it\/#website\",\"url\":\"https:\/\/guitarscio.it\/\",\"name\":\"GuitarSci\u00f2 Expo\",\"description\":\"Il primo festival della chitarra a Battipaglia (SA)!\",\"publisher\":{\"@id\":\"https:\/\/guitarscio.it\/#organization\"},\"potentialAction\":[{\"@type\":\"SearchAction\",\"target\":{\"@type\":\"EntryPoint\",\"urlTemplate\":\"https:\/\/guitarscio.it\/?s={search_term_string}\"},\"query-input\":\"required name=search_term_string\"}],\"inLanguage\":\"it-IT\"},{\"@type\":\"Organization\",\"@id\":\"https:\/\/guitarscio.it\/#organization\",\"name\":\"GuitarSci\u00f2\",\"url\":\"https:\/\/guitarscio.it\/\",\"logo\":{\"@type\":\"ImageObject\",\"inLanguage\":\"it-IT\",\"@id\":\"https:\/\/guitarscio.it\/#\/schema\/logo\/image\/\",\"url\":\"https:\/\/i0.wp.com\/guitarscio.it\/wp-content\/uploads\/2022\/03\/guitarscio-03.png?fit=2467%2C2480&ssl=1\",\"contentUrl\":\"https:\/\/i0.wp.com\/guitarscio.it\/wp-content\/uploads\/2022\/03\/guitarscio-03.png?fit=2467%2C2480&ssl=1\",\"width\":2467,\"height\":2480,\"caption\":\"GuitarSci\u00f2\"},\"image\":{\"@id\":\"https:\/\/guitarscio.it\/#\/schema\/logo\/image\/\"},\"sameAs\":[\"https:\/\/fb.com\/guitarscio\",\"https:\/\/www.instagram.com\/guitarscio\"]},{\"@type\":\"Person\",\"@id\":\"https:\/\/guitarscio.it\/#\/schema\/person\/994581f5f5879f9dac3a833ded00b008\",\"name\":\"Staff GuitarSci\u00f2\",\"image\":{\"@type\":\"ImageObject\",\"inLanguage\":\"it-IT\",\"@id\":\"https:\/\/guitarscio.it\/#\/schema\/person\/image\/\",\"url\":\"https:\/\/secure.gravatar.com\/avatar\/08bb6feb4af5ab353c369b412b88948417fea0ab8a10dbfa5d6d9f7af03bed57?s=96&d=mm&r=g\",\"contentUrl\":\"https:\/\/secure.gravatar.com\/avatar\/08bb6feb4af5ab353c369b412b88948417fea0ab8a10dbfa5d6d9f7af03bed57?s=96&d=mm&r=g\",\"caption\":\"Staff GuitarSci\u00f2\"},\"sameAs\":[\"http:\/\/www.guitarscio.it\"],\"url\":\"https:\/\/guitarscio.it\/index.php\/author\/staff_guitarscio\/\"}]}<\/script>\n<!-- \/ Yoast SEO plugin. -->","yoast_head_json":{"title":"Il Guitarsci\u00f2, finalmente una fiera di chitarre nel Sud Italia - GuitarSci\u00f2 Expo","robots":{"index":"index","follow":"follow","max-snippet":"max-snippet:-1","max-image-preview":"max-image-preview:large","max-video-preview":"max-video-preview:-1"},"canonical":"https:\/\/guitarscio.it\/index.php\/2022\/04\/21\/il-guitarscio-finalmente-una-fiera-di-chitarre-nel-sud-italia\/","og_locale":"it_IT","og_type":"article","og_title":"Il Guitarsci\u00f2, finalmente una fiera di chitarre nel Sud Italia - GuitarSci\u00f2 Expo","og_description":"Nasce il Guitarsci\u00f2, una fiera dedicata al mondo della chitarra e per una volta al di sotto del 42\u00b0 parallelo! Prima edizione per GuitarSci\u00f2, festival della chitarra organizzato dall\u2019associazione di promozione sociale MIUSIC (volutamente \u201cMiusic\u201d per italianizzare la pronuncia inglese, marcandone le origini) con la direzione artistica di Ciro Manna, che si terr\u00e0 questa estate [&hellip;]","og_url":"https:\/\/guitarscio.it\/index.php\/2022\/04\/21\/il-guitarscio-finalmente-una-fiera-di-chitarre-nel-sud-italia\/","og_site_name":"GuitarSci\u00f2 Expo","article_publisher":"https:\/\/fb.com\/guitarscio","article_published_time":"2022-04-21T06:25:41+00:00","article_modified_time":"2022-04-21T09:50:22+00:00","og_image":[{"width":1640,"height":924,"url":"https:\/\/i0.wp.com\/guitarscio.it\/wp-content\/uploads\/2022\/04\/copertina_articolo.jpg?fit=1640%2C924&ssl=1","type":"image\/jpeg"}],"author":"Staff GuitarSci\u00f2","twitter_card":"summary_large_image","twitter_misc":{"Scritto da":"Staff GuitarSci\u00f2","Tempo di lettura stimato":"2 minuti"},"schema":{"@context":"https:\/\/schema.org","@graph":[{"@type":"Article","@id":"https:\/\/guitarscio.it\/index.php\/2022\/04\/21\/il-guitarscio-finalmente-una-fiera-di-chitarre-nel-sud-italia\/#article","isPartOf":{"@id":"https:\/\/guitarscio.it\/index.php\/2022\/04\/21\/il-guitarscio-finalmente-una-fiera-di-chitarre-nel-sud-italia\/"},"author":{"name":"Staff GuitarSci\u00f2","@id":"https:\/\/guitarscio.it\/#\/schema\/person\/994581f5f5879f9dac3a833ded00b008"},"headline":"Il Guitarsci\u00f2, finalmente una fiera di chitarre nel Sud Italia","datePublished":"2022-04-21T06:25:41+00:00","dateModified":"2022-04-21T09:50:22+00:00","mainEntityOfPage":{"@id":"https:\/\/guitarscio.it\/index.php\/2022\/04\/21\/il-guitarscio-finalmente-una-fiera-di-chitarre-nel-sud-italia\/"},"wordCount":332,"commentCount":0,"publisher":{"@id":"https:\/\/guitarscio.it\/#organization"},"image":{"@id":"https:\/\/guitarscio.it\/index.php\/2022\/04\/21\/il-guitarscio-finalmente-una-fiera-di-chitarre-nel-sud-italia\/#primaryimage"},"thumbnailUrl":"https:\/\/i0.wp.com\/guitarscio.it\/wp-content\/uploads\/2022\/04\/copertina_articolo.jpg?fit=1640%2C924&ssl=1","articleSection":["Uncategorized"],"inLanguage":"it-IT","potentialAction":[{"@type":"CommentAction","name":"Comment","target":["https:\/\/guitarscio.it\/index.php\/2022\/04\/21\/il-guitarscio-finalmente-una-fiera-di-chitarre-nel-sud-italia\/#respond"]}]},{"@type":"WebPage","@id":"https:\/\/guitarscio.it\/index.php\/2022\/04\/21\/il-guitarscio-finalmente-una-fiera-di-chitarre-nel-sud-italia\/","url":"https:\/\/guitarscio.it\/index.php\/2022\/04\/21\/il-guitarscio-finalmente-una-fiera-di-chitarre-nel-sud-italia\/","name":"Il Guitarsci\u00f2, finalmente una fiera di chitarre nel Sud Italia - GuitarSci\u00f2 Expo","isPartOf":{"@id":"https:\/\/guitarscio.it\/#website"},"primaryImageOfPage":{"@id":"https:\/\/guitarscio.it\/index.php\/2022\/04\/21\/il-guitarscio-finalmente-una-fiera-di-chitarre-nel-sud-italia\/#primaryimage"},"image":{"@id":"https:\/\/guitarscio.it\/index.php\/2022\/04\/21\/il-guitarscio-finalmente-una-fiera-di-chitarre-nel-sud-italia\/#primaryimage"},"thumbnailUrl":"https:\/\/i0.wp.com\/guitarscio.it\/wp-content\/uploads\/2022\/04\/copertina_articolo.jpg?fit=1640%2C924&ssl=1","datePublished":"2022-04-21T06:25:41+00:00","dateModified":"2022-04-21T09:50:22+00:00","breadcrumb":{"@id":"https:\/\/guitarscio.it\/index.php\/2022\/04\/21\/il-guitarscio-finalmente-una-fiera-di-chitarre-nel-sud-italia\/#breadcrumb"},"inLanguage":"it-IT","potentialAction":[{"@type":"ReadAction","target":["https:\/\/guitarscio.it\/index.php\/2022\/04\/21\/il-guitarscio-finalmente-una-fiera-di-chitarre-nel-sud-italia\/"]}]},{"@type":"ImageObject","inLanguage":"it-IT","@id":"https:\/\/guitarscio.it\/index.php\/2022\/04\/21\/il-guitarscio-finalmente-una-fiera-di-chitarre-nel-sud-italia\/#primaryimage","url":"https:\/\/i0.wp.com\/guitarscio.it\/wp-content\/uploads\/2022\/04\/copertina_articolo.jpg?fit=1640%2C924&ssl=1","contentUrl":"https:\/\/i0.wp.com\/guitarscio.it\/wp-content\/uploads\/2022\/04\/copertina_articolo.jpg?fit=1640%2C924&ssl=1","width":1640,"height":924},{"@type":"BreadcrumbList","@id":"https:\/\/guitarscio.it\/index.php\/2022\/04\/21\/il-guitarscio-finalmente-una-fiera-di-chitarre-nel-sud-italia\/#breadcrumb","itemListElement":[{"@type":"ListItem","position":1,"name":"Home","item":"https:\/\/guitarscio.it\/"},{"@type":"ListItem","position":2,"name":"Il Guitarsci\u00f2, finalmente una fiera di chitarre nel Sud Italia"}]},{"@type":"WebSite","@id":"https:\/\/guitarscio.it\/#website","url":"https:\/\/guitarscio.it\/","name":"GuitarSci\u00f2 Expo","description":"Il primo festival della chitarra a Battipaglia (SA)!","publisher":{"@id":"https:\/\/guitarscio.it\/#organization"},"potentialAction":[{"@type":"SearchAction","target":{"@type":"EntryPoint","urlTemplate":"https:\/\/guitarscio.it\/?s={search_term_string}"},"query-input":"required name=search_term_string"}],"inLanguage":"it-IT"},{"@type":"Organization","@id":"https:\/\/guitarscio.it\/#organization","name":"GuitarSci\u00f2","url":"https:\/\/guitarscio.it\/","logo":{"@type":"ImageObject","inLanguage":"it-IT","@id":"https:\/\/guitarscio.it\/#\/schema\/logo\/image\/","url":"https:\/\/i0.wp.com\/guitarscio.it\/wp-content\/uploads\/2022\/03\/guitarscio-03.png?fit=2467%2C2480&ssl=1","contentUrl":"https:\/\/i0.wp.com\/guitarscio.it\/wp-content\/uploads\/2022\/03\/guitarscio-03.png?fit=2467%2C2480&ssl=1","width":2467,"height":2480,"caption":"GuitarSci\u00f2"},"image":{"@id":"https:\/\/guitarscio.it\/#\/schema\/logo\/image\/"},"sameAs":["https:\/\/fb.com\/guitarscio","https:\/\/www.instagram.com\/guitarscio"]},{"@type":"Person","@id":"https:\/\/guitarscio.it\/#\/schema\/person\/994581f5f5879f9dac3a833ded00b008","name":"Staff GuitarSci\u00f2","image":{"@type":"ImageObject","inLanguage":"it-IT","@id":"https:\/\/guitarscio.it\/#\/schema\/person\/image\/","url":"https:\/\/secure.gravatar.com\/avatar\/08bb6feb4af5ab353c369b412b88948417fea0ab8a10dbfa5d6d9f7af03bed57?s=96&d=mm&r=g","contentUrl":"https:\/\/secure.gravatar.com\/avatar\/08bb6feb4af5ab353c369b412b88948417fea0ab8a10dbfa5d6d9f7af03bed57?s=96&d=mm&r=g","caption":"Staff GuitarSci\u00f2"},"sameAs":["http:\/\/www.guitarscio.it"],"url":"https:\/\/guitarscio.it\/index.php\/author\/staff_guitarscio\/"}]}},"jetpack_sharing_enabled":true,"jetpack_featured_media_url":"https:\/\/i0.wp.com\/guitarscio.it\/wp-content\/uploads\/2022\/04\/copertina_articolo.jpg?fit=1640%2C924&ssl=1","_links":{"self":[{"href":"https:\/\/guitarscio.it\/index.php\/wp-json\/wp\/v2\/posts\/1088","targetHints":{"allow":["GET"]}}],"collection":[{"href":"https:\/\/guitarscio.it\/index.php\/wp-json\/wp\/v2\/posts"}],"about":[{"href":"https:\/\/guitarscio.it\/index.php\/wp-json\/wp\/v2\/types\/post"}],"author":[{"embeddable":true,"href":"https:\/\/guitarscio.it\/index.php\/wp-json\/wp\/v2\/users\/3"}],"replies":[{"embeddable":true,"href":"https:\/\/guitarscio.it\/index.php\/wp-json\/wp\/v2\/comments?post=1088"}],"version-history":[{"count":3,"href":"https:\/\/guitarscio.it\/index.php\/wp-json\/wp\/v2\/posts\/1088\/revisions"}],"predecessor-version":[{"id":1093,"href":"https:\/\/guitarscio.it\/index.php\/wp-json\/wp\/v2\/posts\/1088\/revisions\/1093"}],"wp:featuredmedia":[{"embeddable":true,"href":"https:\/\/guitarscio.it\/index.php\/wp-json\/wp\/v2\/media\/1089"}],"wp:attachment":[{"href":"https:\/\/guitarscio.it\/index.php\/wp-json\/wp\/v2\/media?parent=1088"}],"wp:term":[{"taxonomy":"category","embeddable":true,"href":"https:\/\/guitarscio.it\/index.php\/wp-json\/wp\/v2\/categories?post=1088"},{"taxonomy":"post_tag","embeddable":true,"href":"https:\/\/guitarscio.it\/index.php\/wp-json\/wp\/v2\/tags?post=1088"}],"curies":[{"name":"wp","href":"https:\/\/api.w.org\/{rel}","templated":true}]}}